{"id":18,"date":"2023-01-11T16:06:13","date_gmt":"2023-01-11T15:06:13","guid":{"rendered":"https:\/\/www.medespoir-maroc.com\/blog\/?p=18"},"modified":"2025-01-08T13:09:16","modified_gmt":"2025-01-08T12:09:16","slug":"specificites-nez-africains","status":"publish","type":"post","link":"https:\/\/www.medespoir-maroc.com\/blog\/specificites-nez-africains\/","title":{"rendered":"Bien connaitre les sp\u00e9cificit\u00e9s des nez africains"},"content":{"rendered":"<p style=\"text-align: justify;\">Ces derni\u00e8res ann\u00e9es, le nombre de patients africains souhaitant subir une rhinoplastie, ou chirurgie du nez, a augment\u00e9 de fa\u00e7on spectaculaire. Beaucoup de patients du B\u00e9nin, du Cameroun, du Mali, du S\u00e9n\u00e9gal, de la C\u00f4te-D\u2019ivoire et de la R\u00e9publique D\u00e9mocratique du Congo s&rsquo;adressent \u00e0 Medespoir pour r\u00e9aliser leurs chirurgie esth\u00e9tique du nez au Maroc afin d&rsquo;affiner l&rsquo;apparence de leurs nez.<!--more--><\/p>\n<p style=\"text-align: justify;\">Apr\u00e8s avoir pass\u00e9 des ann\u00e9es \u00e0 travailler avec des patients de diff\u00e9rentes ethnies, les chirurgiens ont acquis une profonde compr\u00e9hension de la mani\u00e8re de traiter les probl\u00e8mes nasaux tout en pr\u00e9servant l&rsquo;h\u00e9ritage unique du patient. Quelle que soit la race du patient, ils adaptent chaque rhinoplastie pour qu&rsquo;elle se fonde parfaitement dans les traits du visage du patient et qu&rsquo;elle r\u00e9ponde \u00e0 ses objectifs esth\u00e9tiques sp\u00e9cifiques.<\/p>\n<h2 style=\"text-align: justify;\">Le nez africain : traits et caract\u00e9ristiques<\/h2>\n<p style=\"text-align: justify;\">En tant qu&rsquo;\u00e9l\u00e9ment central du visage, le nez est souvent la premi\u00e8re chose que les autres remarquent chez une personne. Pour beaucoup, le nez fait \u00e9galement partie de leur identit\u00e9 culturelle et constitue un trait commun partag\u00e9 par plusieurs g\u00e9n\u00e9rations. Bien que la forme et la taille du nez varient consid\u00e9rablement d&rsquo;une personne \u00e0 l&rsquo;autre, les personnes d&rsquo;origine africaine ont tendance \u00e0 avoir un nez plus large que les autres groupes ethniques. En g\u00e9n\u00e9ral, les nez africains et africains pr\u00e9sentent \u00e9galement des narines \u00e9largies ou \u00e9vas\u00e9es, des extr\u00e9mit\u00e9s arrondies et une ar\u00eate nasale petite et plate.<\/p>\n<p style=\"text-align: justify;\">Une rhinoplastie ethnique, ou op\u00e9ration du nez africain, est une intervention de chirurgie plastique qui permet de r\u00e9soudre les probl\u00e8mes esth\u00e9tiques ou fonctionnels du nez, comme une ar\u00eate nasale large ou des narines \u00e9vas\u00e9es, tout en respectant l&rsquo;h\u00e9ritage du patient. Comme pour la rhinoplastie traditionnelle ou caucasienne, l&rsquo;objectif de la rhinoplastie ethnique est d&rsquo;<a href=\"https:\/\/www.medespoir-maroc.com\/rhinoplastie-ethnique\">am\u00e9liorer des zones sp\u00e9cifiques du nez africain<\/a> pour obtenir une apparence naturelle et harmonieuse qui compl\u00e8te les autres traits du visage.<\/p>\n<div class=\"flex max-w-full flex-col flex-grow\">\n<div class=\"min-h-8 text-message flex w-full flex-col items-end gap-2 whitespace-normal break-words text-start [.text-message+&amp;]:mt-5\" dir=\"auto\" data-message-author-role=\"assistant\" data-message-id=\"3126d853-964e-4b57-9037-91dc28765ee7\" data-message-model-slug=\"gpt-4o\">\n<div class=\"flex w-full flex-col gap-1 empty:hidden first:pt-[3px]\">\n<div class=\"markdown prose w-full break-words dark:prose-invert light\">\n<p>Les sp\u00e9cificit\u00e9s des nez africains, ou des nez d\u2019origine africaine, sont souvent \u00e9tudi\u00e9es dans le domaine de la chirurgie esth\u00e9tique et reconstructive, mais aussi en anthropologie et en dermatologie. Bien comprendre leurs caract\u00e9ristiques est essentiel pour fournir des soins adapt\u00e9s, qu\u2019il s&rsquo;agisse de traitements m\u00e9dicaux ou esth\u00e9tiques. Voici les points principaux \u00e0 conna\u00eetre :<\/p>\n<h3><strong>Caract\u00e9ristiques anatomiques des nez africains<\/strong><\/h3>\n<ol>\n<li><strong>Forme et structure<\/strong> :\n<ul>\n<li>Une base nasale plus large, souvent d\u00e9crite comme \u00e9vas\u00e9e.<\/li>\n<li>Une pointe nasale plus arrondie et moins projet\u00e9e.<\/li>\n<li>Des narines plus larges et parfois plus ouvertes vers l\u2019ext\u00e9rieur.<\/li>\n<li>Une hauteur du pont nasal souvent plus basse (pont nasal plat).<\/li>\n<\/ul>\n<\/li>\n<li><strong>Peau et tissus mous<\/strong> :\n<ul>\n<li>Une peau plus \u00e9paisse au niveau du nez, avec une couche dermique plus dense.<\/li>\n<li>Une plus grande teneur en collag\u00e8ne et \u00e9lastine, qui conf\u00e8re \u00e0 la peau une texture diff\u00e9rente par rapport \u00e0 d&rsquo;autres groupes ethniques.<\/li>\n<li>Une peau g\u00e9n\u00e9ralement plus grasse, ce qui peut influencer la cicatrisation et le traitement post-chirurgical.<\/li>\n<\/ul>\n<\/li>\n<li><strong>Cartilage<\/strong> :\n<ul>\n<li>Le cartilage alaire (celui de la pointe du nez) peut \u00eatre moins rigide, ce qui peut donner un aspect moins d\u00e9fini \u00e0 la pointe nasale.<\/li>\n<li>Une structure cartilagineuse globale souvent plus large et plus plate.<\/li>\n<\/ul>\n<\/li>\n<li><strong>Pigmentation<\/strong> :\n<ul>\n<li>Une tendance \u00e0 la pigmentation post-inflammatoire, ce qui n\u00e9cessite une attention particuli\u00e8re pour \u00e9viter des complications apr\u00e8s des interventions chirurgicales ou dermatologiques.<\/li>\n<\/ul>\n<\/li>\n<\/ol>\n<hr \/>\n<h3><strong>Consid\u00e9rations m\u00e9dicales et esth\u00e9tiques<\/strong><\/h3>\n<ol>\n<li><strong>Rhinoplastie et chirurgie esth\u00e9tique<\/strong> :\n<ul>\n<li>Les objectifs des patients d\u2019origine africaine peuvent \u00eatre diff\u00e9rents. Ils cherchent souvent \u00e0 am\u00e9liorer la d\u00e9finition ou l\u2019\u00e9quilibre de leur nez tout en conservant les caract\u00e9ristiques naturelles associ\u00e9es \u00e0 leur identit\u00e9 ethnique.<\/li>\n<li>Les techniques utilis\u00e9es doivent tenir compte de la peau \u00e9paisse, de la base nasale large et du cartilage moins rigide.<\/li>\n<li>La r\u00e9duction de la base des narines (technique de Weir) est une demande fr\u00e9quente, mais elle doit \u00eatre r\u00e9alis\u00e9e avec pr\u00e9cision pour \u00e9viter une apparence artificielle.<\/li>\n<\/ul>\n<\/li>\n<li><strong>Prise en charge dermatologique<\/strong> :\n<ul>\n<li>Les nez africains, en raison de leur peau plus \u00e9paisse et de leur tendance \u00e0 l&rsquo;hyperpigmentation, n\u00e9cessitent des traitements doux pour \u00e9viter des cicatrices ch\u00e9lo\u00efdes ou hypertrophiques.<\/li>\n<li>Les traitements laser ou les peelings chimiques doivent \u00eatre choisis avec prudence.<\/li>\n<\/ul>\n<\/li>\n<li><strong>Cicatrisation<\/strong> :\n<ul>\n<li>La tendance \u00e0 une cicatrisation plus visible (cicatrices fonc\u00e9es ou \u00e9paisses) demande des techniques chirurgicales et des soins post-op\u00e9ratoires sp\u00e9cifiques pour minimiser les risques.<\/li>\n<\/ul>\n<\/li>\n<\/ol>\n<hr \/>\n<h3><strong>Importance d\u2019une approche culturelle et individuelle<\/strong><\/h3>\n<p>Bien conna\u00eetre les sp\u00e9cificit\u00e9s des nez africains va au-del\u00e0 de l&rsquo;anatomie. Il est crucial d&rsquo;avoir une approche respectueuse, qui prend en compte la diversit\u00e9 des morphologies et les souhaits des patients, tout en valorisant leur identit\u00e9 culturelle. Une communication claire sur les attentes et les r\u00e9sultats r\u00e9alistes est essentielle pour obtenir des r\u00e9sultats satisfaisants et adapt\u00e9s.<\/p>\n<\/div>\n<\/div>\n<\/div>\n<\/div>\n<div class=\"mb-2 flex gap-3 empty:hidden -ml-2\">\n<div class=\"items-center justify-start rounded-xl p-1 flex\">\n<div class=\"flex items-center\"><\/div>\n<\/div>\n<\/div>\n<p style=\"text-align: justify;\">\n","protected":false},"excerpt":{"rendered":"<p>Ces derni\u00e8res ann\u00e9es, le nombre de patients africains souhaitant subir une rhinoplastie, ou chirurgie du nez, a augment\u00e9 de fa\u00e7on spectaculaire. Beaucoup de patients du B\u00e9nin, du Cameroun, du Mali, du S\u00e9n\u00e9gal, de la C\u00f4te-D\u2019ivoire et de la R\u00e9publique D\u00e9mocratique du Congo s&rsquo;adressent \u00e0 Medespoir pour r\u00e9aliser leurs chirurgie esth\u00e9tique du nez au Maroc afin [&hellip;]<\/p>\n","protected":false},"author":1,"featured_media":19,"comment_status":"closed","ping_status":"closed","sticky":false,"template":"","format":"standard","meta":{"footnotes":""},"categories":[1],"tags":[],"class_list":["post-18","post","type-post","status-publish","format-standard","has-post-thumbnail","hentry","category-non-classe"],"yoast_head":"<!-- This site is optimized with the Yoast SEO plugin v23.8 - https:\/\/yoast.com\/wordpress\/plugins\/seo\/ -->\n<title>Sp\u00e9cificit\u00e9s des nez africains<\/title>\n<meta name=\"description\" content=\"Sp\u00e9cificit\u00e9s de nez africains qu&#039;il faut bien les connaitre pour r\u00e9ussir sa rhinoplastie ethnique au Maroc\" \/>\n<meta name=\"robots\" content=\"index, follow, max-snippet:-1, max-image-preview:large, max-video-preview:-1\" \/>\n<link rel=\"canonical\" href=\"https:\/\/www.medespoir-maroc.com\/blog\/specificites-nez-africains\/\" \/>\n<meta property=\"og:locale\" content=\"fr_FR\" \/>\n<meta property=\"og:type\" content=\"article\" \/>\n<meta property=\"og:title\" content=\"Sp\u00e9cificit\u00e9s des nez africains\" \/>\n<meta property=\"og:description\" content=\"Sp\u00e9cificit\u00e9s de nez africains qu&#039;il faut bien les connaitre pour r\u00e9ussir sa rhinoplastie ethnique au Maroc\" \/>\n<meta property=\"og:url\" content=\"https:\/\/www.medespoir-maroc.com\/blog\/specificites-nez-africains\/\" \/>\n<meta property=\"og:site_name\" content=\"Blog Medespoir Maroc\" \/>\n<meta property=\"article:published_time\" content=\"2023-01-11T15:06:13+00:00\" \/>\n<meta property=\"article:modified_time\" content=\"2025-01-08T12:09:16+00:00\" \/>\n<meta property=\"og:image\" content=\"https:\/\/www.medespoir-maroc.com\/blog\/wp-content\/uploads\/2023\/01\/nez-ethnique.jpg\" \/>\n\t<meta property=\"og:image:width\" content=\"1024\" \/>\n\t<meta property=\"og:image:height\" content=\"409\" \/>\n\t<meta property=\"og:image:type\" content=\"image\/jpeg\" \/>\n<meta name=\"author\" content=\"blog_medespoir_maroc\" \/>\n<meta name=\"twitter:card\" content=\"summary_large_image\" \/>\n<meta name=\"twitter:label1\" content=\"\u00c9crit par\" \/>\n\t<meta name=\"twitter:data1\" content=\"blog_medespoir_maroc\" \/>\n\t<meta name=\"twitter:label2\" content=\"Dur\u00e9e de lecture estim\u00e9e\" \/>\n\t<meta name=\"twitter:data2\" content=\"2 minutes\" \/>\n<script type=\"application\/ld+json\" class=\"yoast-schema-graph\">{\"@context\":\"https:\/\/schema.org\",\"@graph\":[{\"@type\":\"WebPage\",\"@id\":\"https:\/\/www.medespoir-maroc.com\/blog\/specificites-nez-africains\/\",\"url\":\"https:\/\/www.medespoir-maroc.com\/blog\/specificites-nez-africains\/\",\"name\":\"Sp\u00e9cificit\u00e9s des nez africains\",\"isPartOf\":{\"@id\":\"https:\/\/www.medespoir-maroc.com\/blog\/#website\"},\"primaryImageOfPage\":{\"@id\":\"https:\/\/www.medespoir-maroc.com\/blog\/specificites-nez-africains\/#primaryimage\"},\"image\":{\"@id\":\"https:\/\/www.medespoir-maroc.com\/blog\/specificites-nez-africains\/#primaryimage\"},\"thumbnailUrl\":\"https:\/\/www.medespoir-maroc.com\/blog\/wp-content\/uploads\/2023\/01\/nez-ethnique.jpg\",\"datePublished\":\"2023-01-11T15:06:13+00:00\",\"dateModified\":\"2025-01-08T12:09:16+00:00\",\"author\":{\"@id\":\"https:\/\/www.medespoir-maroc.com\/blog\/#\/schema\/person\/9b4e9877c4835501efb5ff7b34f63388\"},\"description\":\"Sp\u00e9cificit\u00e9s de nez africains qu'il faut bien les connaitre pour r\u00e9ussir sa rhinoplastie ethnique au Maroc\",\"breadcrumb\":{\"@id\":\"https:\/\/www.medespoir-maroc.com\/blog\/specificites-nez-africains\/#breadcrumb\"},\"inLanguage\":\"fr-FR\",\"potentialAction\":[{\"@type\":\"ReadAction\",\"target\":[\"https:\/\/www.medespoir-maroc.com\/blog\/specificites-nez-africains\/\"]}]},{\"@type\":\"ImageObject\",\"inLanguage\":\"fr-FR\",\"@id\":\"https:\/\/www.medespoir-maroc.com\/blog\/specificites-nez-africains\/#primaryimage\",\"url\":\"https:\/\/www.medespoir-maroc.com\/blog\/wp-content\/uploads\/2023\/01\/nez-ethnique.jpg\",\"contentUrl\":\"https:\/\/www.medespoir-maroc.com\/blog\/wp-content\/uploads\/2023\/01\/nez-ethnique.jpg\",\"width\":1024,\"height\":409,\"caption\":\"rhinoplastie nez africain\"},{\"@type\":\"BreadcrumbList\",\"@id\":\"https:\/\/www.medespoir-maroc.com\/blog\/specificites-nez-africains\/#breadcrumb\",\"itemListElement\":[{\"@type\":\"ListItem\",\"position\":1,\"name\":\"Accueil\",\"item\":\"https:\/\/www.medespoir-maroc.com\/blog\/\"},{\"@type\":\"ListItem\",\"position\":2,\"name\":\"Bien connaitre les sp\u00e9cificit\u00e9s des nez africains\"}]},{\"@type\":\"WebSite\",\"@id\":\"https:\/\/www.medespoir-maroc.com\/blog\/#website\",\"url\":\"https:\/\/www.medespoir-maroc.com\/blog\/\",\"name\":\"Blog Medespoir Maroc\",\"description\":\"\",\"potentialAction\":[{\"@type\":\"SearchAction\",\"target\":{\"@type\":\"EntryPoint\",\"urlTemplate\":\"https:\/\/www.medespoir-maroc.com\/blog\/?s={search_term_string}\"},\"query-input\":{\"@type\":\"PropertyValueSpecification\",\"valueRequired\":true,\"valueName\":\"search_term_string\"}}],\"inLanguage\":\"fr-FR\"},{\"@type\":\"Person\",\"@id\":\"https:\/\/www.medespoir-maroc.com\/blog\/#\/schema\/person\/9b4e9877c4835501efb5ff7b34f63388\",\"name\":\"blog_medespoir_maroc\",\"image\":{\"@type\":\"ImageObject\",\"inLanguage\":\"fr-FR\",\"@id\":\"https:\/\/www.medespoir-maroc.com\/blog\/#\/schema\/person\/image\/\",\"url\":\"https:\/\/secure.gravatar.com\/avatar\/d4e73c03cc7db9545ea62fde3a859653997f41b292a7f7fd9f26986b02fb14d2?s=96&d=mm&r=g\",\"contentUrl\":\"https:\/\/secure.gravatar.com\/avatar\/d4e73c03cc7db9545ea62fde3a859653997f41b292a7f7fd9f26986b02fb14d2?s=96&d=mm&r=g\",\"caption\":\"blog_medespoir_maroc\"},\"sameAs\":[\"http:\/\/localhost\/blog-medespoir-maroc-fr\"],\"url\":\"https:\/\/www.medespoir-maroc.com\/blog\/author\/blog_medespoir_maroc\/\"}]}<\/script>\n<!-- \/ Yoast SEO plugin. -->","yoast_head_json":{"title":"Sp\u00e9cificit\u00e9s des nez africains","description":"Sp\u00e9cificit\u00e9s de nez africains qu'il faut bien les connaitre pour r\u00e9ussir sa rhinoplastie ethnique au Maroc","robots":{"index":"index","follow":"follow","max-snippet":"max-snippet:-1","max-image-preview":"max-image-preview:large","max-video-preview":"max-video-preview:-1"},"canonical":"https:\/\/www.medespoir-maroc.com\/blog\/specificites-nez-africains\/","og_locale":"fr_FR","og_type":"article","og_title":"Sp\u00e9cificit\u00e9s des nez africains","og_description":"Sp\u00e9cificit\u00e9s de nez africains qu'il faut bien les connaitre pour r\u00e9ussir sa rhinoplastie ethnique au Maroc","og_url":"https:\/\/www.medespoir-maroc.com\/blog\/specificites-nez-africains\/","og_site_name":"Blog Medespoir Maroc","article_published_time":"2023-01-11T15:06:13+00:00","article_modified_time":"2025-01-08T12:09:16+00:00","og_image":[{"width":1024,"height":409,"url":"https:\/\/www.medespoir-maroc.com\/blog\/wp-content\/uploads\/2023\/01\/nez-ethnique.jpg","type":"image\/jpeg"}],"author":"blog_medespoir_maroc","twitter_card":"summary_large_image","twitter_misc":{"\u00c9crit par":"blog_medespoir_maroc","Dur\u00e9e de lecture estim\u00e9e":"2 minutes"},"schema":{"@context":"https:\/\/schema.org","@graph":[{"@type":"WebPage","@id":"https:\/\/www.medespoir-maroc.com\/blog\/specificites-nez-africains\/","url":"https:\/\/www.medespoir-maroc.com\/blog\/specificites-nez-africains\/","name":"Sp\u00e9cificit\u00e9s des nez africains","isPartOf":{"@id":"https:\/\/www.medespoir-maroc.com\/blog\/#website"},"primaryImageOfPage":{"@id":"https:\/\/www.medespoir-maroc.com\/blog\/specificites-nez-africains\/#primaryimage"},"image":{"@id":"https:\/\/www.medespoir-maroc.com\/blog\/specificites-nez-africains\/#primaryimage"},"thumbnailUrl":"https:\/\/www.medespoir-maroc.com\/blog\/wp-content\/uploads\/2023\/01\/nez-ethnique.jpg","datePublished":"2023-01-11T15:06:13+00:00","dateModified":"2025-01-08T12:09:16+00:00","author":{"@id":"https:\/\/www.medespoir-maroc.com\/blog\/#\/schema\/person\/9b4e9877c4835501efb5ff7b34f63388"},"description":"Sp\u00e9cificit\u00e9s de nez africains qu'il faut bien les connaitre pour r\u00e9ussir sa rhinoplastie ethnique au Maroc","breadcrumb":{"@id":"https:\/\/www.medespoir-maroc.com\/blog\/specificites-nez-africains\/#breadcrumb"},"inLanguage":"fr-FR","potentialAction":[{"@type":"ReadAction","target":["https:\/\/www.medespoir-maroc.com\/blog\/specificites-nez-africains\/"]}]},{"@type":"ImageObject","inLanguage":"fr-FR","@id":"https:\/\/www.medespoir-maroc.com\/blog\/specificites-nez-africains\/#primaryimage","url":"https:\/\/www.medespoir-maroc.com\/blog\/wp-content\/uploads\/2023\/01\/nez-ethnique.jpg","contentUrl":"https:\/\/www.medespoir-maroc.com\/blog\/wp-content\/uploads\/2023\/01\/nez-ethnique.jpg","width":1024,"height":409,"caption":"rhinoplastie nez africain"},{"@type":"BreadcrumbList","@id":"https:\/\/www.medespoir-maroc.com\/blog\/specificites-nez-africains\/#breadcrumb","itemListElement":[{"@type":"ListItem","position":1,"name":"Accueil","item":"https:\/\/www.medespoir-maroc.com\/blog\/"},{"@type":"ListItem","position":2,"name":"Bien connaitre les sp\u00e9cificit\u00e9s des nez africains"}]},{"@type":"WebSite","@id":"https:\/\/www.medespoir-maroc.com\/blog\/#website","url":"https:\/\/www.medespoir-maroc.com\/blog\/","name":"Blog Medespoir Maroc","description":"","potentialAction":[{"@type":"SearchAction","target":{"@type":"EntryPoint","urlTemplate":"https:\/\/www.medespoir-maroc.com\/blog\/?s={search_term_string}"},"query-input":{"@type":"PropertyValueSpecification","valueRequired":true,"valueName":"search_term_string"}}],"inLanguage":"fr-FR"},{"@type":"Person","@id":"https:\/\/www.medespoir-maroc.com\/blog\/#\/schema\/person\/9b4e9877c4835501efb5ff7b34f63388","name":"blog_medespoir_maroc","image":{"@type":"ImageObject","inLanguage":"fr-FR","@id":"https:\/\/www.medespoir-maroc.com\/blog\/#\/schema\/person\/image\/","url":"https:\/\/secure.gravatar.com\/avatar\/d4e73c03cc7db9545ea62fde3a859653997f41b292a7f7fd9f26986b02fb14d2?s=96&d=mm&r=g","contentUrl":"https:\/\/secure.gravatar.com\/avatar\/d4e73c03cc7db9545ea62fde3a859653997f41b292a7f7fd9f26986b02fb14d2?s=96&d=mm&r=g","caption":"blog_medespoir_maroc"},"sameAs":["http:\/\/localhost\/blog-medespoir-maroc-fr"],"url":"https:\/\/www.medespoir-maroc.com\/blog\/author\/blog_medespoir_maroc\/"}]}},"_links":{"self":[{"href":"https:\/\/www.medespoir-maroc.com\/blog\/wp-json\/wp\/v2\/posts\/18","targetHints":{"allow":["GET"]}}],"collection":[{"href":"https:\/\/www.medespoir-maroc.com\/blog\/wp-json\/wp\/v2\/posts"}],"about":[{"href":"https:\/\/www.medespoir-maroc.com\/blog\/wp-json\/wp\/v2\/types\/post"}],"author":[{"embeddable":true,"href":"https:\/\/www.medespoir-maroc.com\/blog\/wp-json\/wp\/v2\/users\/1"}],"replies":[{"embeddable":true,"href":"https:\/\/www.medespoir-maroc.com\/blog\/wp-json\/wp\/v2\/comments?post=18"}],"version-history":[{"count":4,"href":"https:\/\/www.medespoir-maroc.com\/blog\/wp-json\/wp\/v2\/posts\/18\/revisions"}],"predecessor-version":[{"id":591,"href":"https:\/\/www.medespoir-maroc.com\/blog\/wp-json\/wp\/v2\/posts\/18\/revisions\/591"}],"wp:featuredmedia":[{"embeddable":true,"href":"https:\/\/www.medespoir-maroc.com\/blog\/wp-json\/wp\/v2\/media\/19"}],"wp:attachment":[{"href":"https:\/\/www.medespoir-maroc.com\/blog\/wp-json\/wp\/v2\/media?parent=18"}],"wp:term":[{"taxonomy":"category","embeddable":true,"href":"https:\/\/www.medespoir-maroc.com\/blog\/wp-json\/wp\/v2\/categories?post=18"},{"taxonomy":"post_tag","embeddable":true,"href":"https:\/\/www.medespoir-maroc.com\/blog\/wp-json\/wp\/v2\/tags?post=18"}],"curies":[{"name":"wp","href":"https:\/\/api.w.org\/{rel}","templated":true}]}}